{"id":414,"date":"2021-10-25T13:17:05","date_gmt":"2021-10-25T13:17:05","guid":{"rendered":"https:\/\/fapugex.org\/?p=414"},"modified":"2021-10-25T13:17:09","modified_gmt":"2021-10-25T13:17:09","slug":"diego-amaya-llevo-36-anos-luchando-para-conseguir-la-igualdad-entre-las-personas-sean-gitanas-o-payas","status":"publish","type":"post","link":"https:\/\/fapugex.org\/?p=414","title":{"rendered":"Diego Amaya: \u00abLlevo 36 a\u00f1os luchando para conseguir la igualdad entre las personas, sean gitanas o payas\u00bb"},"content":{"rendered":"\n<p>Diego Amaya, vicepresidente de Fapugex, la Federaci\u00f3n de Asociaciones del pueblo gitano extreme\u00f1o, ha recibido el reconocimiento de la instituci\u00f3n de la que forma parte. Recoge el galard\u00f3n con modestia y la rotundidad de m\u00e1s de tres d\u00e9cadas de lucha por la equiparaci\u00f3n entre gitanos o payos. \u00abAyer llor\u00e9 porque no merezco ning\u00fan reconocimiento. Llevo 36 a\u00f1os luchando para conseguir la igualdad entre las personas, sean gitanas o payas\u00bb han sido sus palabras.<\/p>\n\n\n\n<p><\/p>\n\n\n\n<p>Estas son las declaraciones que hac\u00eda en Canal Extremadura:<\/p>\n\n\n\n<p><\/p>\n\n\n\n<p><a href=\"https:\/\/www.canalextremadura.es\/node\/454608\">https:\/\/www.canalextremadura.es\/node\/454608<\/a><\/p>\n","protected":false},"excerpt":{"rendered":"<p>Diego Amaya, vicepresidente de Fapugex, la Federaci\u00f3n de Asociaciones del pueblo gitano extreme\u00f1o, ha recibido el reconocimiento de la instituci\u00f3n de la que forma parte. Recoge el galard\u00f3n con modestia y la rotundidad de m\u00e1s de tres d\u00e9cadas de lucha por la equiparaci\u00f3n entre gitanos o payos. \u00abAyer llor\u00e9 porque no merezco ning\u00fan reconocimiento. Llevo [&hellip;]<\/p>\n","protected":false},"author":1,"featured_media":415,"comment_status":"closed","ping_status":"closed","sticky":false,"template":"","format":"standard","meta":{"tdm_status":"","tdm_grid_status":"","_jetpack_memberships_contains_paid_content":false,"footnotes":""},"categories":[1],"tags":[],"class_list":{"0":"post-414","1":"post","2":"type-post","3":"status-publish","4":"format-standard","5":"has-post-thumbnail","7":"category-uncategorized"},"yoast_head":"<!-- This site is optimized with the Yoast SEO plugin v26.2 - https:\/\/yoast.com\/wordpress\/plugins\/seo\/ -->\n<title>Diego Amaya: &quot;Llevo 36 a\u00f1os luchando para conseguir la igualdad entre las personas, sean gitanas o payas&quot; - Federaci\u00f3n de Asociaciones del Pueblo Gitano Extreme\u00f1o<\/title>\n<meta name=\"robots\" content=\"index, follow, max-snippet:-1, max-image-preview:large, max-video-preview:-1\" \/>\n<link rel=\"canonical\" href=\"https:\/\/fapugex.org\/?p=414\" \/>\n<meta property=\"og:locale\" content=\"es_ES\" \/>\n<meta property=\"og:type\" content=\"article\" \/>\n<meta property=\"og:title\" content=\"Diego Amaya: &quot;Llevo 36 a\u00f1os luchando para conseguir la igualdad entre las personas, sean gitanas o payas&quot; - Federaci\u00f3n de Asociaciones del Pueblo Gitano Extreme\u00f1o\" \/>\n<meta property=\"og:description\" content=\"Diego Amaya, vicepresidente de Fapugex, la Federaci\u00f3n de Asociaciones del pueblo gitano extreme\u00f1o, ha recibido el reconocimiento de la instituci\u00f3n de la que forma parte. Recoge el galard\u00f3n con modestia y la rotundidad de m\u00e1s de tres d\u00e9cadas de lucha por la equiparaci\u00f3n entre gitanos o payos. \u00abAyer llor\u00e9 porque no merezco ning\u00fan reconocimiento. Llevo [&hellip;]\" \/>\n<meta property=\"og:url\" content=\"https:\/\/fapugex.org\/?p=414\" \/>\n<meta property=\"og:site_name\" content=\"Federaci\u00f3n de Asociaciones del Pueblo Gitano Extreme\u00f1o\" \/>\n<meta property=\"article:published_time\" content=\"2021-10-25T13:17:05+00:00\" \/>\n<meta property=\"article:modified_time\" content=\"2021-10-25T13:17:09+00:00\" \/>\n<meta property=\"og:image\" content=\"https:\/\/fapugex.org\/wp-content\/uploads\/2021\/10\/descarga-5.jpg\" \/>\n\t<meta property=\"og:image:width\" content=\"194\" \/>\n\t<meta property=\"og:image:height\" content=\"259\" \/>\n\t<meta property=\"og:image:type\" content=\"image\/jpeg\" \/>\n<meta name=\"author\" content=\"admin\" \/>\n<meta name=\"twitter:card\" content=\"summary_large_image\" \/>\n<meta name=\"twitter:label1\" content=\"Escrito por\" \/>\n\t<meta name=\"twitter:data1\" content=\"admin\" \/>\n\t<meta name=\"twitter:label2\" content=\"Tiempo de lectura\" \/>\n\t<meta name=\"twitter:data2\" content=\"1 minuto\" \/>\n<script type=\"application\/ld+json\" class=\"yoast-schema-graph\">{\"@context\":\"https:\/\/schema.org\",\"@graph\":[{\"@type\":\"WebPage\",\"@id\":\"https:\/\/fapugex.org\/?p=414\",\"url\":\"https:\/\/fapugex.org\/?p=414\",\"name\":\"Diego Amaya: \\\"Llevo 36 a\u00f1os luchando para conseguir la igualdad entre las personas, sean gitanas o payas\\\" - Federaci\u00f3n de Asociaciones del Pueblo Gitano Extreme\u00f1o\",\"isPartOf\":{\"@id\":\"https:\/\/fapugex.org\/#website\"},\"primaryImageOfPage\":{\"@id\":\"https:\/\/fapugex.org\/?p=414#primaryimage\"},\"image\":{\"@id\":\"https:\/\/fapugex.org\/?p=414#primaryimage\"},\"thumbnailUrl\":\"https:\/\/fapugex.org\/wp-content\/uploads\/2021\/10\/descarga-5.jpg\",\"datePublished\":\"2021-10-25T13:17:05+00:00\",\"dateModified\":\"2021-10-25T13:17:09+00:00\",\"author\":{\"@id\":\"https:\/\/fapugex.org\/#\/schema\/person\/ce3a276822343d09a9fd1968e3ae894c\"},\"breadcrumb\":{\"@id\":\"https:\/\/fapugex.org\/?p=414#breadcrumb\"},\"inLanguage\":\"es\",\"potentialAction\":[{\"@type\":\"ReadAction\",\"target\":[\"https:\/\/fapugex.org\/?p=414\"]}]},{\"@type\":\"ImageObject\",\"inLanguage\":\"es\",\"@id\":\"https:\/\/fapugex.org\/?p=414#primaryimage\",\"url\":\"https:\/\/fapugex.org\/wp-content\/uploads\/2021\/10\/descarga-5.jpg\",\"contentUrl\":\"https:\/\/fapugex.org\/wp-content\/uploads\/2021\/10\/descarga-5.jpg\",\"width\":194,\"height\":259},{\"@type\":\"BreadcrumbList\",\"@id\":\"https:\/\/fapugex.org\/?p=414#breadcrumb\",\"itemListElement\":[{\"@type\":\"ListItem\",\"position\":1,\"name\":\"Home\",\"item\":\"https:\/\/fapugex.org\/\"},{\"@type\":\"ListItem\",\"position\":2,\"name\":\"Diego Amaya: &#8220;Llevo 36 a\u00f1os luchando para conseguir la igualdad entre las personas, sean gitanas o payas&#8221;\"}]},{\"@type\":\"WebSite\",\"@id\":\"https:\/\/fapugex.org\/#website\",\"url\":\"https:\/\/fapugex.org\/\",\"name\":\"Federaci\u00f3n de Asociaciones del Pueblo Gitano Extreme\u00f1o\",\"description\":\"Portal web de la federaci\u00f3n de asociaciones del Pueblo Gitano Extreme\u00f1o\",\"potentialAction\":[{\"@type\":\"SearchAction\",\"target\":{\"@type\":\"EntryPoint\",\"urlTemplate\":\"https:\/\/fapugex.org\/?s={search_term_string}\"},\"query-input\":{\"@type\":\"PropertyValueSpecification\",\"valueRequired\":true,\"valueName\":\"search_term_string\"}}],\"inLanguage\":\"es\"},{\"@type\":\"Person\",\"@id\":\"https:\/\/fapugex.org\/#\/schema\/person\/ce3a276822343d09a9fd1968e3ae894c\",\"name\":\"admin\",\"sameAs\":[\"https:\/\/fapugex.org\"],\"url\":\"https:\/\/fapugex.org\/?author=1\"}]}<\/script>\n<!-- \/ Yoast SEO plugin. -->","yoast_head_json":{"title":"Diego Amaya: \"Llevo 36 a\u00f1os luchando para conseguir la igualdad entre las personas, sean gitanas o payas\" - Federaci\u00f3n de Asociaciones del Pueblo Gitano Extreme\u00f1o","robots":{"index":"index","follow":"follow","max-snippet":"max-snippet:-1","max-image-preview":"max-image-preview:large","max-video-preview":"max-video-preview:-1"},"canonical":"https:\/\/fapugex.org\/?p=414","og_locale":"es_ES","og_type":"article","og_title":"Diego Amaya: \"Llevo 36 a\u00f1os luchando para conseguir la igualdad entre las personas, sean gitanas o payas\" - Federaci\u00f3n de Asociaciones del Pueblo Gitano Extreme\u00f1o","og_description":"Diego Amaya, vicepresidente de Fapugex, la Federaci\u00f3n de Asociaciones del pueblo gitano extreme\u00f1o, ha recibido el reconocimiento de la instituci\u00f3n de la que forma parte. Recoge el galard\u00f3n con modestia y la rotundidad de m\u00e1s de tres d\u00e9cadas de lucha por la equiparaci\u00f3n entre gitanos o payos. \u00abAyer llor\u00e9 porque no merezco ning\u00fan reconocimiento. Llevo [&hellip;]","og_url":"https:\/\/fapugex.org\/?p=414","og_site_name":"Federaci\u00f3n de Asociaciones del Pueblo Gitano Extreme\u00f1o","article_published_time":"2021-10-25T13:17:05+00:00","article_modified_time":"2021-10-25T13:17:09+00:00","og_image":[{"width":194,"height":259,"url":"https:\/\/fapugex.org\/wp-content\/uploads\/2021\/10\/descarga-5.jpg","type":"image\/jpeg"}],"author":"admin","twitter_card":"summary_large_image","twitter_misc":{"Escrito por":"admin","Tiempo de lectura":"1 minuto"},"schema":{"@context":"https:\/\/schema.org","@graph":[{"@type":"WebPage","@id":"https:\/\/fapugex.org\/?p=414","url":"https:\/\/fapugex.org\/?p=414","name":"Diego Amaya: \"Llevo 36 a\u00f1os luchando para conseguir la igualdad entre las personas, sean gitanas o payas\" - Federaci\u00f3n de Asociaciones del Pueblo Gitano Extreme\u00f1o","isPartOf":{"@id":"https:\/\/fapugex.org\/#website"},"primaryImageOfPage":{"@id":"https:\/\/fapugex.org\/?p=414#primaryimage"},"image":{"@id":"https:\/\/fapugex.org\/?p=414#primaryimage"},"thumbnailUrl":"https:\/\/fapugex.org\/wp-content\/uploads\/2021\/10\/descarga-5.jpg","datePublished":"2021-10-25T13:17:05+00:00","dateModified":"2021-10-25T13:17:09+00:00","author":{"@id":"https:\/\/fapugex.org\/#\/schema\/person\/ce3a276822343d09a9fd1968e3ae894c"},"breadcrumb":{"@id":"https:\/\/fapugex.org\/?p=414#breadcrumb"},"inLanguage":"es","potentialAction":[{"@type":"ReadAction","target":["https:\/\/fapugex.org\/?p=414"]}]},{"@type":"ImageObject","inLanguage":"es","@id":"https:\/\/fapugex.org\/?p=414#primaryimage","url":"https:\/\/fapugex.org\/wp-content\/uploads\/2021\/10\/descarga-5.jpg","contentUrl":"https:\/\/fapugex.org\/wp-content\/uploads\/2021\/10\/descarga-5.jpg","width":194,"height":259},{"@type":"BreadcrumbList","@id":"https:\/\/fapugex.org\/?p=414#breadcrumb","itemListElement":[{"@type":"ListItem","position":1,"name":"Home","item":"https:\/\/fapugex.org\/"},{"@type":"ListItem","position":2,"name":"Diego Amaya: &#8220;Llevo 36 a\u00f1os luchando para conseguir la igualdad entre las personas, sean gitanas o payas&#8221;"}]},{"@type":"WebSite","@id":"https:\/\/fapugex.org\/#website","url":"https:\/\/fapugex.org\/","name":"Federaci\u00f3n de Asociaciones del Pueblo Gitano Extreme\u00f1o","description":"Portal web de la federaci\u00f3n de asociaciones del Pueblo Gitano Extreme\u00f1o","potentialAction":[{"@type":"SearchAction","target":{"@type":"EntryPoint","urlTemplate":"https:\/\/fapugex.org\/?s={search_term_string}"},"query-input":{"@type":"PropertyValueSpecification","valueRequired":true,"valueName":"search_term_string"}}],"inLanguage":"es"},{"@type":"Person","@id":"https:\/\/fapugex.org\/#\/schema\/person\/ce3a276822343d09a9fd1968e3ae894c","name":"admin","sameAs":["https:\/\/fapugex.org"],"url":"https:\/\/fapugex.org\/?author=1"}]}},"jetpack_featured_media_url":"https:\/\/fapugex.org\/wp-content\/uploads\/2021\/10\/descarga-5.jpg","jetpack_sharing_enabled":true,"_links":{"self":[{"href":"https:\/\/fapugex.org\/index.php?rest_route=\/wp\/v2\/posts\/414","targetHints":{"allow":["GET"]}}],"collection":[{"href":"https:\/\/fapugex.org\/index.php?rest_route=\/wp\/v2\/posts"}],"about":[{"href":"https:\/\/fapugex.org\/index.php?rest_route=\/wp\/v2\/types\/post"}],"author":[{"embeddable":true,"href":"https:\/\/fapugex.org\/index.php?rest_route=\/wp\/v2\/users\/1"}],"replies":[{"embeddable":true,"href":"https:\/\/fapugex.org\/index.php?rest_route=%2Fwp%2Fv2%2Fcomments&post=414"}],"version-history":[{"count":1,"href":"https:\/\/fapugex.org\/index.php?rest_route=\/wp\/v2\/posts\/414\/revisions"}],"predecessor-version":[{"id":416,"href":"https:\/\/fapugex.org\/index.php?rest_route=\/wp\/v2\/posts\/414\/revisions\/416"}],"wp:featuredmedia":[{"embeddable":true,"href":"https:\/\/fapugex.org\/index.php?rest_route=\/wp\/v2\/media\/415"}],"wp:attachment":[{"href":"https:\/\/fapugex.org\/index.php?rest_route=%2Fwp%2Fv2%2Fmedia&parent=414"}],"wp:term":[{"taxonomy":"category","embeddable":true,"href":"https:\/\/fapugex.org\/index.php?rest_route=%2Fwp%2Fv2%2Fcategories&post=414"},{"taxonomy":"post_tag","embeddable":true,"href":"https:\/\/fapugex.org\/index.php?rest_route=%2Fwp%2Fv2%2Ftags&post=414"}],"curies":[{"name":"wp","href":"https:\/\/api.w.org\/{rel}","templated":true}]}}